{"id":11462,"date":"2023-12-29T23:23:23","date_gmt":"2023-12-29T22:23:23","guid":{"rendered":"https:\/\/alonso.indipro.es\/?p=11462"},"modified":"2024-03-21T19:40:04","modified_gmt":"2024-03-21T18:40:04","slug":"transparencia-en-la-ue-la-democracia-participativa-en-peligro-3","status":"publish","type":"post","link":"https:\/\/www.alonsoassociates.com\/es\/2023\/12\/29\/transparencia-en-la-ue-la-democracia-participativa-en-peligro-3\/","title":{"rendered":"Jacques Delors (1925-2023)"},"content":{"rendered":"\t\t<div data-elementor-type=\"wp-post\" data-elementor-id=\"11462\" class=\"elementor elementor-11462 elementor-11461\">\n\t\t\t\t\t\t<section class=\"elementor-section elementor-top-section elementor-element elementor-element-428683f5 elementor-section-boxed elementor-section-height-default elementor-section-height-default\" data-id=\"428683f5\" data-element_type=\"section\">\n\t\t\t\t\t\t<div class=\"elementor-container elementor-column-gap-default\">\n\t\t\t\t\t<div class=\"elementor-column elementor-col-100 elementor-top-column elementor-element elementor-element-60190711\" data-id=\"60190711\" data-element_type=\"column\">\n\t\t\t<div class=\"elementor-widget-wrap elementor-element-populated\">\n\t\t\t\t\t\t<div class=\"elementor-element elementor-element-5df635be elementor-widget elementor-widget-text-editor\" data-id=\"5df635be\" data-element_type=\"widget\" data-widget_type=\"text-editor.default\">\n\t\t\t\t<div class=\"elementor-widget-container\">\n\t\t\t<style>\/*! elementor - v3.20.0 - 26-03-2024 *\/\n.elementor-widget-text-editor.elementor-drop-cap-view-stacked .elementor-drop-cap{background-color:#69727d;color:#fff}.elementor-widget-text-editor.elementor-drop-cap-view-framed .elementor-drop-cap{color:#69727d;border:3px solid;background-color:transparent}.elementor-widget-text-editor:not(.elementor-drop-cap-view-default) .elementor-drop-cap{margin-top:8px}.elementor-widget-text-editor:not(.elementor-drop-cap-view-default) .elementor-drop-cap-letter{width:1em;height:1em}.elementor-widget-text-editor .elementor-drop-cap{float:left;text-align:center;line-height:1;font-size:50px}.elementor-widget-text-editor .elementor-drop-cap-letter{display:inline-block}<\/style>\t\t\t\t<p>La suya no fue una presidencia m\u00e1s de la Comisi\u00f3n Europea, sino la del gran \u00abpaseo\u00bb europeo de los a\u00f1os 80 y 90 del siglo pasado.<\/p><p>Unos meses antes de su toma de posesi\u00f3n, en enero de 1985, ingres\u00e9 en el Colegio de Europa de Brujas en septiembre de 1984 para estudiar Derecho comunitario, con las negociaciones de adhesi\u00f3n de Espa\u00f1a y Portugal muy avanzadas, y escuch\u00e9 a Altiero Spinelli pronunciar su discurso de apertura del curso acad\u00e9mico en la sala g\u00f3tica del Ayuntamiento de Brujas.<\/p><p>Eran tiempos de gran entusiasmo y confianza, sobre todo en nuestro pa\u00eds, que llevaba dos a\u00f1os de gobierno socialista con Felipe Gonz\u00e1lez al frente de un barco con el viento a favor. Una \u00e9poca en la que la movida madrile\u00f1a y las ansias de libertad barrieron de golpe todos los malos augurios de la derecha, alertando contra aquellos j\u00f3venes socialistas barbudos que, sin embargo, ocupaban civilizadamente los despachos ministeriales y maniobraban h\u00e1bilmente para amoldar el marxismo al ritmo de los nuevos tiempos.<\/p><p>Las j\u00f3venes democracias ib\u00e9ricas se reconciliaban con Europa, la posibilidad de organizar los Juegos Ol\u00edmpicos en Espa\u00f1a, que llegar\u00edan a Barcelona en 1992, estaba en el horizonte, la maquinaria europea herv\u00eda: un mercado \u00fanico para los m\u00e1s ricos a cambio de fondos para los reci\u00e9n llegados.<\/p><p>Con Kohl y Gonz\u00e1lez, Delors vivi\u00f3 un idilio pol\u00edtico que prepar\u00f3 el euro y la reunificaci\u00f3n alemana tras la ca\u00edda del muro de Berl\u00edn en 1990, sin dejar a nadie atr\u00e1s gracias a la pol\u00edtica de cohesi\u00f3n econ\u00f3mica y social que tuvo en nuestro compatriota Eneko Landaburu un firme escudero. Con \u00e9l, desde las C\u00e1maras de Comercio, concebimos la primera Subvenci\u00f3n Global del FEDER&#8230; no para carreteras, sino para internacionalizar las PYME de nuestras regiones m\u00e1s atrasadas. Imaginaci\u00f3n, innovaci\u00f3n y plena confianza interinstitucional entre la Comisi\u00f3n Europea, el Parlamento y el Consejo. De cada Consejo Europeo y con el empuje de un Parlamento que crec\u00eda en poderes, Delors volv\u00eda con deberes y m\u00e1s deberes&#8230;.<\/p><p>De Delors recuerdo su definici\u00f3n de Europa, un OPNI (Objeto Pol\u00edtico No Identificado).<\/p><p>Nac\u00ed a mi vida profesional en Bruselas el mismo d\u00eda en que Espa\u00f1a pas\u00f3 a formar parte de Europa: el 1 de enero de 1986. Lo hice con Jacques Delors pilotando una Europa vibrante que rebosaba de ilusi\u00f3n por so\u00f1arse a s\u00ed misma y realizar su uni\u00f3n pol\u00edtica.<\/p><p>En el turbulento mundo de 2024, Europa sigue llamando a la puerta de su propio sue\u00f1o. \u00a1Ojal\u00e1 las nuevas generaciones recojan el guante del creador del programa Erasmus y reivindiquen este proyecto! Rindamos homenaje a su gran creador: que descanse en paz, Jacques Delors.<\/p><p>Emiliano Alonso es abogado y lobbista.<\/p><p>Cr\u00e9dito de la foto: Mouvement Europ\u00e9en France<\/p>\t\t\t\t\t\t<\/div>\n\t\t\t\t<\/div>\n\t\t\t\t\t<\/div>\n\t\t<\/div>\n\t\t\t\t\t<\/div>\n\t\t<\/section>\n\t\t\t\t<\/div>\n\t\t","protected":false},"excerpt":{"rendered":"<p>La suya no fue una presidencia m\u00e1s de la Comisi\u00f3n Europea, sino la del gran \u00abpaseo\u00bb europeo de los a\u00f1os 80 y 90 del siglo pasado. Unos meses antes de su toma de posesi\u00f3n, en enero de 1985, ingres\u00e9 en el Colegio de Europa de Brujas en septiembre de 1984 para estudiar Derecho comunitario, con [&hellip;]<\/p>\n","protected":false},"author":1,"featured_media":11470,"comment_status":"closed","ping_status":"open","sticky":false,"template":"","format":"standard","meta":{"om_disable_all_campaigns":false,"_monsterinsights_skip_tracking":false,"_monsterinsights_sitenote_active":false,"_monsterinsights_sitenote_note":"","_monsterinsights_sitenote_category":0,"footnotes":""},"categories":[214],"tags":[],"class_list":["post-11462","post","type-post","status-publish","format-standard","has-post-thumbnail","hentry","category-articulos"],"aioseo_notices":[],"_links":{"self":[{"href":"https:\/\/www.alonsoassociates.com\/es\/wp-json\/wp\/v2\/posts\/11462","targetHints":{"allow":["GET"]}}],"collection":[{"href":"https:\/\/www.alonsoassociates.com\/es\/wp-json\/wp\/v2\/posts"}],"about":[{"href":"https:\/\/www.alonsoassociates.com\/es\/wp-json\/wp\/v2\/types\/post"}],"author":[{"embeddable":true,"href":"https:\/\/www.alonsoassociates.com\/es\/wp-json\/wp\/v2\/users\/1"}],"replies":[{"embeddable":true,"href":"https:\/\/www.alonsoassociates.com\/es\/wp-json\/wp\/v2\/comments?post=11462"}],"version-history":[{"count":7,"href":"https:\/\/www.alonsoassociates.com\/es\/wp-json\/wp\/v2\/posts\/11462\/revisions"}],"predecessor-version":[{"id":11567,"href":"https:\/\/www.alonsoassociates.com\/es\/wp-json\/wp\/v2\/posts\/11462\/revisions\/11567"}],"wp:featuredmedia":[{"embeddable":true,"href":"https:\/\/www.alonsoassociates.com\/es\/wp-json\/wp\/v2\/media\/11470"}],"wp:attachment":[{"href":"https:\/\/www.alonsoassociates.com\/es\/wp-json\/wp\/v2\/media?parent=11462"}],"wp:term":[{"taxonomy":"category","embeddable":true,"href":"https:\/\/www.alonsoassociates.com\/es\/wp-json\/wp\/v2\/categories?post=11462"},{"taxonomy":"post_tag","embeddable":true,"href":"https:\/\/www.alonsoassociates.com\/es\/wp-json\/wp\/v2\/tags?post=11462"}],"curies":[{"name":"wp","href":"https:\/\/api.w.org\/{rel}","templated":true}]}}